{"id":1203,"date":"2024-04-26T18:33:50","date_gmt":"2024-04-26T21:33:50","guid":{"rendered":"https:\/\/sfsafetyconsulting.com.br\/?p=1203"},"modified":"2024-04-29T07:55:12","modified_gmt":"2024-04-29T10:55:12","slug":"novas-restricoes-do-uso-de-vitamina-a-em-cosmeticos-na-europa","status":"publish","type":"post","link":"https:\/\/sfsafetyconsulting.com.br\/en\/news\/new-restrictions-on-the-use-of-vitamin-a-in-cosmetics-in-europe\/","title":{"rendered":"New Restrictions on the Use of Vitamin A in Cosmetics in Europe"},"content":{"rendered":"<p><img fetchpriority=\"high\" decoding=\"async\" class=\"alignnone size-full wp-image-1204\" src=\"https:\/\/sfsafetyconsulting.com.br\/wp-content\/uploads\/2024\/04\/POST-15-Nova-Restricao-do-uso-de-Vitamina-A-em-Cosmeticos-na-Europa.jpg\" alt=\"New Restriction on the use of Vitamin A in Cosmetics in Europe\" width=\"768\" height=\"580\" srcset=\"https:\/\/sfsafetyconsulting.com.br\/wp-content\/uploads\/2024\/04\/POST-15-Nova-Restricao-do-uso-de-Vitamina-A-em-Cosmeticos-na-Europa.jpg 768w, https:\/\/sfsafetyconsulting.com.br\/wp-content\/uploads\/2024\/04\/POST-15-Nova-Restricao-do-uso-de-Vitamina-A-em-Cosmeticos-na-Europa-300x227.jpg 300w, https:\/\/sfsafetyconsulting.com.br\/wp-content\/uploads\/2024\/04\/POST-15-Nova-Restricao-do-uso-de-Vitamina-A-em-Cosmeticos-na-Europa-16x12.jpg 16w\" sizes=\"(max-width: 768px) 100vw, 768px\" \/><\/p>\n<p>Regulation (EU) 2024\/996 of the European Commission, of 04\/03\/2024, amends Regulation (EC) No. 1223\/2009 of the European Parliament and of the Council with regard to the use of vitamin A as it has potential disruptive properties of the endocrine system in cosmetic products.<\/p>\n<p>The new menu of Regulation (EC) No. 1223\/2009 adds the substances Retinol (CAS# 11103-57-4\/ 68-26-8), Retinyl Acetate (CAS# 127-47-9) and Retinyl Palmitate (CAS# 79-81-2 ) in Annex III\/376 of the regulation, allowing use in body lotions up to a maximum concentration of 0.05% and 0.3% for other leave-on and rinse-off products.<\/p>\n<p>Furthermore, for any cosmetic product that contains Retinol, Retinol Acetate or Retinol Palmitate, it is mandatory to add the following phrase to the label: \u201cContains Vitamin A. Consider your daily intake before use\u201d.<\/p>\n<p>This Regulation enters into force on the twentieth day following its publication in the Official Journal of the European Union 04\/04\/2024.<\/p>\n<p>ELI: <a href=\"http:\/\/data.europa.eu\/eli\/reg\/2024\/996\/oj\">http:\/\/data.europa.eu\/eli\/reg\/2024\/996\/oj<\/a><\/p>\n<p>Substances with CAS numbers 11103-57-4\/68-26-8, CAS 127-47-9 and CAS 79-81-2,<\/p>\n<p>which were given the names \u201cRetinol\u201d, \u201cRetinol Acetate\u201d and \u201cRetinol Palmitate\u201d respectively under the International Nomenclature of Cosmetic Ingredients (INCI) and which are collectively known as Vitamin A, were not regulated by the Regulation (EC ) no. 1223\/2009. These substances are used in cosmetic products as skin conditioning agents.<\/p>\n<p>The Scientific Committee for Consumer Safety (SCCS) concluded, in its opinion of 24 and 25 October 2022, that vitamin A is safe in cosmetic products up to concentrations of 0.05% retinol equivalent (RE) in body lotions, and 0.3% of RE in other leave-on and rinse-off products. The SCCS added that the total daily amount of vitamin A from cosmetic products used daily by the individual, although low, is cumulative and may be of concern to consumers with greater exposure to vitamin A (5 % of the total population) from foods and dietary supplements.<\/p>\n<p>In light of the SCCS opinion, there is a potential risk to human health from the use of vitamin A in cosmetic products when its daily exposure exceeds certain levels. Furthermore, a warning should be included to inform consumers already exposed to vitamin A from foods and dietary supplements about the possibility of overexposure due to the use of such compounds.<\/p>\n<p>The industry must be given reasonable periods of time to adapt to the new requirements, in particular by making the necessary adjustments to product formulations, in order to ensure that only cosmetic products that comply with the new requirements are placed on the market. The industry must also be given a reasonable period of time to recall cosmetic products that do not meet these requirements.<\/p>\n<p>Want to know more about <strong>Security Assessment? <\/strong><\/p>\n<ul>\n<li>Visit our website: <a href=\"https:\/\/sfsafetyconsulting.com.br\/en\/\">https:\/\/sfsafetyconsulting.com.br<\/a><\/li>\n<li>Follow our social media pages on Facebook and Instagram.<\/li>\n<\/ul>\n<p>Safety in cosmetics. Because you need to have it.<\/p>\n<p><strong>SF Safety Consulting.<br \/>\n<\/strong>Passion for knowledge and science.<\/p>","protected":false},"excerpt":{"rendered":"<p>Regulation (EU) 2024\/996 of the European Commission, of 04\/03\/2024, amends Regulation (EC) No. 1223\/2009 of the European Parliament and of the Council with regard to the use of vitamin A as it has potential disruptive properties of the endocrine system in cosmetic products. The new menu of Regulation (EC) No. 1223\/2009 adds the substances Retinol (CAS# 11103-57-4\/ 68-26-8), Retinyl Acetate (CAS# 127-47-9) and Retinyl Palmitate (CAS# 79-81-2 ) in the Annex\u2026 <\/p>","protected":false},"author":1,"featured_media":1204,"comment_status":"open","ping_status":"open","sticky":false,"template":"","format":"standard","meta":{"om_disable_all_campaigns":false,"_monsterinsights_skip_tracking":false,"_monsterinsights_sitenote_active":false,"_monsterinsights_sitenote_note":"","_monsterinsights_sitenote_category":0,"footnotes":""},"categories":[20],"tags":[26,30,45],"class_list":["post-1203","post","type-post","status-publish","format-standard","has-post-thumbnail","hentry","category-avaliacao-seguranca-cosmeticos","tag-cosmeticos","tag-seguranca","tag-vitamina-a","clearfix"],"yoast_head":"<!-- This site is optimized with the Yoast SEO plugin v26.9 - https:\/\/yoast.com\/product\/yoast-seo-wordpress\/ -->\n<title>Novas Restri\u00e7\u00f5es do Uso de Vitamina A em Cosm\u00e9ticos na Europa - SF Safety, Consulting &amp; Innovation<\/title>\n<meta name=\"robots\" content=\"index, follow, max-snippet:-1, max-image-preview:large, max-video-preview:-1\" \/>\n<link rel=\"canonical\" href=\"https:\/\/sfsafetyconsulting.com.br\/en\/news\/new-restrictions-on-the-use-of-vitamin-a-in-cosmetics-in-europe\/\" \/>\n<meta property=\"og:locale\" content=\"en_US\" \/>\n<meta property=\"og:type\" content=\"article\" \/>\n<meta property=\"og:title\" content=\"Novas Restri\u00e7\u00f5es do Uso de Vitamina A em Cosm\u00e9ticos na Europa - SF Safety, Consulting &amp; Innovation\" \/>\n<meta property=\"og:description\" content=\"Regulamento (EU) 2024\/996 da Comiss\u00e3o Europeia, de 03\/04\/2024, altera o Regulamento (EC) N.\u00ba 1223\/2009 do Parlamento Europeu e do Conselho no que diz respeito \u00e0 utiliza\u00e7\u00e3o de vitamina A pois possui potencial propriedade desregulador do sistema end\u00f3crino em produtos cosm\u00e9ticos. A nova ementa do Regulamento (EC) N\u00ba1223\/2009 acrescenta as subst\u00e2ncias Retinol (CAS# 11103-57-4\/ 68-26-8), Retinyl Acetate (CAS# 127-47-9) e Retinyl Palmitate (CAS# 79-81-2) no Annex&hellip;\" \/>\n<meta property=\"og:url\" content=\"https:\/\/sfsafetyconsulting.com.br\/en\/news\/new-restrictions-on-the-use-of-vitamin-a-in-cosmetics-in-europe\/\" \/>\n<meta property=\"og:site_name\" content=\"SF Safety, Consulting &amp; Innovation\" \/>\n<meta property=\"article:published_time\" content=\"2024-04-26T21:33:50+00:00\" \/>\n<meta property=\"article:modified_time\" content=\"2024-04-29T10:55:12+00:00\" \/>\n<meta property=\"og:image\" content=\"https:\/\/sfsafetyconsulting.com.br\/wp-content\/uploads\/2024\/04\/POST-15-Nova-Restricao-do-uso-de-Vitamina-A-em-Cosmeticos-na-Europa.jpg\" \/>\n\t<meta property=\"og:image:width\" content=\"768\" \/>\n\t<meta property=\"og:image:height\" content=\"580\" \/>\n\t<meta property=\"og:image:type\" content=\"image\/jpeg\" \/>\n<meta name=\"author\" content=\"SFSafety\" \/>\n<meta name=\"twitter:card\" content=\"summary_large_image\" \/>\n<meta name=\"twitter:label1\" content=\"Written by\" \/>\n\t<meta name=\"twitter:data1\" content=\"SFSafety\" \/>\n\t<meta name=\"twitter:label2\" content=\"Est. reading time\" \/>\n\t<meta name=\"twitter:data2\" content=\"4 minutes\" \/>\n<script type=\"application\/ld+json\" class=\"yoast-schema-graph\">{\"@context\":\"https:\/\/schema.org\",\"@graph\":[{\"@type\":\"Article\",\"@id\":\"https:\/\/sfsafetyconsulting.com.br\/news\/novas-restricoes-do-uso-de-vitamina-a-em-cosmeticos-na-europa\/#article\",\"isPartOf\":{\"@id\":\"https:\/\/sfsafetyconsulting.com.br\/news\/novas-restricoes-do-uso-de-vitamina-a-em-cosmeticos-na-europa\/\"},\"author\":{\"name\":\"SFSafety\",\"@id\":\"https:\/\/sfsafetyconsulting.com.br\/#\/schema\/person\/9ea77c2d8f3eb9c4e0997ed67e546972\"},\"headline\":\"Novas Restri\u00e7\u00f5es do Uso de Vitamina A em Cosm\u00e9ticos na Europa\",\"datePublished\":\"2024-04-26T21:33:50+00:00\",\"dateModified\":\"2024-04-29T10:55:12+00:00\",\"mainEntityOfPage\":{\"@id\":\"https:\/\/sfsafetyconsulting.com.br\/news\/novas-restricoes-do-uso-de-vitamina-a-em-cosmeticos-na-europa\/\"},\"wordCount\":549,\"commentCount\":0,\"publisher\":{\"@id\":\"https:\/\/sfsafetyconsulting.com.br\/#organization\"},\"image\":{\"@id\":\"https:\/\/sfsafetyconsulting.com.br\/news\/novas-restricoes-do-uso-de-vitamina-a-em-cosmeticos-na-europa\/#primaryimage\"},\"thumbnailUrl\":\"https:\/\/sfsafetyconsulting.com.br\/wp-content\/uploads\/2024\/04\/POST-15-Nova-Restricao-do-uso-de-Vitamina-A-em-Cosmeticos-na-Europa.jpg\",\"keywords\":[\"cosm\u00e9ticos\",\"seguran\u00e7a\",\"vitamina A\"],\"articleSection\":[\"Avalia\u00e7\u00e3o de seguran\u00e7a de cosm\u00e9ticos\"],\"inLanguage\":\"en-US\",\"potentialAction\":[{\"@type\":\"CommentAction\",\"name\":\"Comment\",\"target\":[\"https:\/\/sfsafetyconsulting.com.br\/news\/novas-restricoes-do-uso-de-vitamina-a-em-cosmeticos-na-europa\/#respond\"]}]},{\"@type\":\"WebPage\",\"@id\":\"https:\/\/sfsafetyconsulting.com.br\/news\/novas-restricoes-do-uso-de-vitamina-a-em-cosmeticos-na-europa\/\",\"url\":\"https:\/\/sfsafetyconsulting.com.br\/news\/novas-restricoes-do-uso-de-vitamina-a-em-cosmeticos-na-europa\/\",\"name\":\"Novas Restri\u00e7\u00f5es do Uso de Vitamina A em Cosm\u00e9ticos na Europa - SF Safety, Consulting &amp; Innovation\",\"isPartOf\":{\"@id\":\"https:\/\/sfsafetyconsulting.com.br\/#website\"},\"primaryImageOfPage\":{\"@id\":\"https:\/\/sfsafetyconsulting.com.br\/news\/novas-restricoes-do-uso-de-vitamina-a-em-cosmeticos-na-europa\/#primaryimage\"},\"image\":{\"@id\":\"https:\/\/sfsafetyconsulting.com.br\/news\/novas-restricoes-do-uso-de-vitamina-a-em-cosmeticos-na-europa\/#primaryimage\"},\"thumbnailUrl\":\"https:\/\/sfsafetyconsulting.com.br\/wp-content\/uploads\/2024\/04\/POST-15-Nova-Restricao-do-uso-de-Vitamina-A-em-Cosmeticos-na-Europa.jpg\",\"datePublished\":\"2024-04-26T21:33:50+00:00\",\"dateModified\":\"2024-04-29T10:55:12+00:00\",\"breadcrumb\":{\"@id\":\"https:\/\/sfsafetyconsulting.com.br\/news\/novas-restricoes-do-uso-de-vitamina-a-em-cosmeticos-na-europa\/#breadcrumb\"},\"inLanguage\":\"en-US\",\"potentialAction\":[{\"@type\":\"ReadAction\",\"target\":[\"https:\/\/sfsafetyconsulting.com.br\/news\/novas-restricoes-do-uso-de-vitamina-a-em-cosmeticos-na-europa\/\"]}]},{\"@type\":\"ImageObject\",\"inLanguage\":\"en-US\",\"@id\":\"https:\/\/sfsafetyconsulting.com.br\/news\/novas-restricoes-do-uso-de-vitamina-a-em-cosmeticos-na-europa\/#primaryimage\",\"url\":\"https:\/\/sfsafetyconsulting.com.br\/wp-content\/uploads\/2024\/04\/POST-15-Nova-Restricao-do-uso-de-Vitamina-A-em-Cosmeticos-na-Europa.jpg\",\"contentUrl\":\"https:\/\/sfsafetyconsulting.com.br\/wp-content\/uploads\/2024\/04\/POST-15-Nova-Restricao-do-uso-de-Vitamina-A-em-Cosmeticos-na-Europa.jpg\",\"width\":768,\"height\":580,\"caption\":\"Nova Restri\u00e7\u00e3o do uso de Vitamina A em Cosm\u00e9ticos na Europa\"},{\"@type\":\"BreadcrumbList\",\"@id\":\"https:\/\/sfsafetyconsulting.com.br\/news\/novas-restricoes-do-uso-de-vitamina-a-em-cosmeticos-na-europa\/#breadcrumb\",\"itemListElement\":[{\"@type\":\"ListItem\",\"position\":1,\"name\":\"In\u00edcio\",\"item\":\"https:\/\/sfsafetyconsulting.com.br\/\"},{\"@type\":\"ListItem\",\"position\":2,\"name\":\"Novas Restri\u00e7\u00f5es do Uso de Vitamina A em Cosm\u00e9ticos na Europa\"}]},{\"@type\":\"WebSite\",\"@id\":\"https:\/\/sfsafetyconsulting.com.br\/#website\",\"url\":\"https:\/\/sfsafetyconsulting.com.br\/\",\"name\":\"SF Safety, Consulting &amp; Innovation\",\"description\":\"Seguran\u00e7a e efici\u00eancia\",\"publisher\":{\"@id\":\"https:\/\/sfsafetyconsulting.com.br\/#organization\"},\"potentialAction\":[{\"@type\":\"SearchAction\",\"target\":{\"@type\":\"EntryPoint\",\"urlTemplate\":\"https:\/\/sfsafetyconsulting.com.br\/?s={search_term_string}\"},\"query-input\":{\"@type\":\"PropertyValueSpecification\",\"valueRequired\":true,\"valueName\":\"search_term_string\"}}],\"inLanguage\":\"en-US\"},{\"@type\":\"Organization\",\"@id\":\"https:\/\/sfsafetyconsulting.com.br\/#organization\",\"name\":\"SF Safety, Consulting & Innovation\",\"url\":\"https:\/\/sfsafetyconsulting.com.br\/\",\"logo\":{\"@type\":\"ImageObject\",\"inLanguage\":\"en-US\",\"@id\":\"https:\/\/sfsafetyconsulting.com.br\/#\/schema\/logo\/image\/\",\"url\":\"https:\/\/sfsafetyconsulting.com.br\/wp-content\/uploads\/2020\/03\/Logo-SF_COLOR-150px.png\",\"contentUrl\":\"https:\/\/sfsafetyconsulting.com.br\/wp-content\/uploads\/2020\/03\/Logo-SF_COLOR-150px.png\",\"width\":150,\"height\":72,\"caption\":\"SF Safety, Consulting & Innovation\"},\"image\":{\"@id\":\"https:\/\/sfsafetyconsulting.com.br\/#\/schema\/logo\/image\/\"},\"sameAs\":[\"https:\/\/www.linkedin.com\/in\/simone-fanan-530349157\/\"]},{\"@type\":\"Person\",\"@id\":\"https:\/\/sfsafetyconsulting.com.br\/#\/schema\/person\/9ea77c2d8f3eb9c4e0997ed67e546972\",\"name\":\"SFSafety\",\"image\":{\"@type\":\"ImageObject\",\"inLanguage\":\"en-US\",\"@id\":\"https:\/\/sfsafetyconsulting.com.br\/#\/schema\/person\/image\/\",\"url\":\"https:\/\/secure.gravatar.com\/avatar\/c670614c62afbe66267364c1ce2fb929e1b5da5a21efee6d395d5f9d10703b1f?s=96&d=mm&r=g\",\"contentUrl\":\"https:\/\/secure.gravatar.com\/avatar\/c670614c62afbe66267364c1ce2fb929e1b5da5a21efee6d395d5f9d10703b1f?s=96&d=mm&r=g\",\"caption\":\"SFSafety\"}}]}<\/script>\n<!-- \/ Yoast SEO plugin. -->","yoast_head_json":{"title":"Novas Restri\u00e7\u00f5es do Uso de Vitamina A em Cosm\u00e9ticos na Europa - SF Safety, Consulting &amp; Innovation","robots":{"index":"index","follow":"follow","max-snippet":"max-snippet:-1","max-image-preview":"max-image-preview:large","max-video-preview":"max-video-preview:-1"},"canonical":"https:\/\/sfsafetyconsulting.com.br\/en\/news\/new-restrictions-on-the-use-of-vitamin-a-in-cosmetics-in-europe\/","og_locale":"en_US","og_type":"article","og_title":"Novas Restri\u00e7\u00f5es do Uso de Vitamina A em Cosm\u00e9ticos na Europa - SF Safety, Consulting &amp; Innovation","og_description":"Regulamento (EU) 2024\/996 da Comiss\u00e3o Europeia, de 03\/04\/2024, altera o Regulamento (EC) N.\u00ba 1223\/2009 do Parlamento Europeu e do Conselho no que diz respeito \u00e0 utiliza\u00e7\u00e3o de vitamina A pois possui potencial propriedade desregulador do sistema end\u00f3crino em produtos cosm\u00e9ticos. A nova ementa do Regulamento (EC) N\u00ba1223\/2009 acrescenta as subst\u00e2ncias Retinol (CAS# 11103-57-4\/ 68-26-8), Retinyl Acetate (CAS# 127-47-9) e Retinyl Palmitate (CAS# 79-81-2) no Annex&hellip;","og_url":"https:\/\/sfsafetyconsulting.com.br\/en\/news\/new-restrictions-on-the-use-of-vitamin-a-in-cosmetics-in-europe\/","og_site_name":"SF Safety, Consulting &amp; Innovation","article_published_time":"2024-04-26T21:33:50+00:00","article_modified_time":"2024-04-29T10:55:12+00:00","og_image":[{"width":768,"height":580,"url":"https:\/\/sfsafetyconsulting.com.br\/wp-content\/uploads\/2024\/04\/POST-15-Nova-Restricao-do-uso-de-Vitamina-A-em-Cosmeticos-na-Europa.jpg","type":"image\/jpeg"}],"author":"SFSafety","twitter_card":"summary_large_image","twitter_misc":{"Written by":"SFSafety","Est. reading time":"4 minutes"},"schema":{"@context":"https:\/\/schema.org","@graph":[{"@type":"Article","@id":"https:\/\/sfsafetyconsulting.com.br\/news\/novas-restricoes-do-uso-de-vitamina-a-em-cosmeticos-na-europa\/#article","isPartOf":{"@id":"https:\/\/sfsafetyconsulting.com.br\/news\/novas-restricoes-do-uso-de-vitamina-a-em-cosmeticos-na-europa\/"},"author":{"name":"SFSafety","@id":"https:\/\/sfsafetyconsulting.com.br\/#\/schema\/person\/9ea77c2d8f3eb9c4e0997ed67e546972"},"headline":"Novas Restri\u00e7\u00f5es do Uso de Vitamina A em Cosm\u00e9ticos na Europa","datePublished":"2024-04-26T21:33:50+00:00","dateModified":"2024-04-29T10:55:12+00:00","mainEntityOfPage":{"@id":"https:\/\/sfsafetyconsulting.com.br\/news\/novas-restricoes-do-uso-de-vitamina-a-em-cosmeticos-na-europa\/"},"wordCount":549,"commentCount":0,"publisher":{"@id":"https:\/\/sfsafetyconsulting.com.br\/#organization"},"image":{"@id":"https:\/\/sfsafetyconsulting.com.br\/news\/novas-restricoes-do-uso-de-vitamina-a-em-cosmeticos-na-europa\/#primaryimage"},"thumbnailUrl":"https:\/\/sfsafetyconsulting.com.br\/wp-content\/uploads\/2024\/04\/POST-15-Nova-Restricao-do-uso-de-Vitamina-A-em-Cosmeticos-na-Europa.jpg","keywords":["cosm\u00e9ticos","seguran\u00e7a","vitamina A"],"articleSection":["Avalia\u00e7\u00e3o de seguran\u00e7a de cosm\u00e9ticos"],"inLanguage":"en-US","potentialAction":[{"@type":"CommentAction","name":"Comment","target":["https:\/\/sfsafetyconsulting.com.br\/news\/novas-restricoes-do-uso-de-vitamina-a-em-cosmeticos-na-europa\/#respond"]}]},{"@type":"WebPage","@id":"https:\/\/sfsafetyconsulting.com.br\/news\/novas-restricoes-do-uso-de-vitamina-a-em-cosmeticos-na-europa\/","url":"https:\/\/sfsafetyconsulting.com.br\/news\/novas-restricoes-do-uso-de-vitamina-a-em-cosmeticos-na-europa\/","name":"Novas Restri\u00e7\u00f5es do Uso de Vitamina A em Cosm\u00e9ticos na Europa - SF Safety, Consulting &amp; Innovation","isPartOf":{"@id":"https:\/\/sfsafetyconsulting.com.br\/#website"},"primaryImageOfPage":{"@id":"https:\/\/sfsafetyconsulting.com.br\/news\/novas-restricoes-do-uso-de-vitamina-a-em-cosmeticos-na-europa\/#primaryimage"},"image":{"@id":"https:\/\/sfsafetyconsulting.com.br\/news\/novas-restricoes-do-uso-de-vitamina-a-em-cosmeticos-na-europa\/#primaryimage"},"thumbnailUrl":"https:\/\/sfsafetyconsulting.com.br\/wp-content\/uploads\/2024\/04\/POST-15-Nova-Restricao-do-uso-de-Vitamina-A-em-Cosmeticos-na-Europa.jpg","datePublished":"2024-04-26T21:33:50+00:00","dateModified":"2024-04-29T10:55:12+00:00","breadcrumb":{"@id":"https:\/\/sfsafetyconsulting.com.br\/news\/novas-restricoes-do-uso-de-vitamina-a-em-cosmeticos-na-europa\/#breadcrumb"},"inLanguage":"en-US","potentialAction":[{"@type":"ReadAction","target":["https:\/\/sfsafetyconsulting.com.br\/news\/novas-restricoes-do-uso-de-vitamina-a-em-cosmeticos-na-europa\/"]}]},{"@type":"ImageObject","inLanguage":"en-US","@id":"https:\/\/sfsafetyconsulting.com.br\/news\/novas-restricoes-do-uso-de-vitamina-a-em-cosmeticos-na-europa\/#primaryimage","url":"https:\/\/sfsafetyconsulting.com.br\/wp-content\/uploads\/2024\/04\/POST-15-Nova-Restricao-do-uso-de-Vitamina-A-em-Cosmeticos-na-Europa.jpg","contentUrl":"https:\/\/sfsafetyconsulting.com.br\/wp-content\/uploads\/2024\/04\/POST-15-Nova-Restricao-do-uso-de-Vitamina-A-em-Cosmeticos-na-Europa.jpg","width":768,"height":580,"caption":"Nova Restri\u00e7\u00e3o do uso de Vitamina A em Cosm\u00e9ticos na Europa"},{"@type":"BreadcrumbList","@id":"https:\/\/sfsafetyconsulting.com.br\/news\/novas-restricoes-do-uso-de-vitamina-a-em-cosmeticos-na-europa\/#breadcrumb","itemListElement":[{"@type":"ListItem","position":1,"name":"In\u00edcio","item":"https:\/\/sfsafetyconsulting.com.br\/"},{"@type":"ListItem","position":2,"name":"Novas Restri\u00e7\u00f5es do Uso de Vitamina A em Cosm\u00e9ticos na Europa"}]},{"@type":"WebSite","@id":"https:\/\/sfsafetyconsulting.com.br\/#website","url":"https:\/\/sfsafetyconsulting.com.br\/","name":"SF Safety, Consulting &amp; Innovation","description":"Seguran\u00e7a e efici\u00eancia","publisher":{"@id":"https:\/\/sfsafetyconsulting.com.br\/#organization"},"potentialAction":[{"@type":"SearchAction","target":{"@type":"EntryPoint","urlTemplate":"https:\/\/sfsafetyconsulting.com.br\/?s={search_term_string}"},"query-input":{"@type":"PropertyValueSpecification","valueRequired":true,"valueName":"search_term_string"}}],"inLanguage":"en-US"},{"@type":"Organization","@id":"https:\/\/sfsafetyconsulting.com.br\/#organization","name":"SF Safety, Consulting & Innovation","url":"https:\/\/sfsafetyconsulting.com.br\/","logo":{"@type":"ImageObject","inLanguage":"en-US","@id":"https:\/\/sfsafetyconsulting.com.br\/#\/schema\/logo\/image\/","url":"https:\/\/sfsafetyconsulting.com.br\/wp-content\/uploads\/2020\/03\/Logo-SF_COLOR-150px.png","contentUrl":"https:\/\/sfsafetyconsulting.com.br\/wp-content\/uploads\/2020\/03\/Logo-SF_COLOR-150px.png","width":150,"height":72,"caption":"SF Safety, Consulting & Innovation"},"image":{"@id":"https:\/\/sfsafetyconsulting.com.br\/#\/schema\/logo\/image\/"},"sameAs":["https:\/\/www.linkedin.com\/in\/simone-fanan-530349157\/"]},{"@type":"Person","@id":"https:\/\/sfsafetyconsulting.com.br\/#\/schema\/person\/9ea77c2d8f3eb9c4e0997ed67e546972","name":"SFSafety","image":{"@type":"ImageObject","inLanguage":"en-US","@id":"https:\/\/sfsafetyconsulting.com.br\/#\/schema\/person\/image\/","url":"https:\/\/secure.gravatar.com\/avatar\/c670614c62afbe66267364c1ce2fb929e1b5da5a21efee6d395d5f9d10703b1f?s=96&d=mm&r=g","contentUrl":"https:\/\/secure.gravatar.com\/avatar\/c670614c62afbe66267364c1ce2fb929e1b5da5a21efee6d395d5f9d10703b1f?s=96&d=mm&r=g","caption":"SFSafety"}}]}},"_links":{"self":[{"href":"https:\/\/sfsafetyconsulting.com.br\/en\/wp-json\/wp\/v2\/posts\/1203","targetHints":{"allow":["GET"]}}],"collection":[{"href":"https:\/\/sfsafetyconsulting.com.br\/en\/wp-json\/wp\/v2\/posts"}],"about":[{"href":"https:\/\/sfsafetyconsulting.com.br\/en\/wp-json\/wp\/v2\/types\/post"}],"author":[{"embeddable":true,"href":"https:\/\/sfsafetyconsulting.com.br\/en\/wp-json\/wp\/v2\/users\/1"}],"replies":[{"embeddable":true,"href":"https:\/\/sfsafetyconsulting.com.br\/en\/wp-json\/wp\/v2\/comments?post=1203"}],"version-history":[{"count":2,"href":"https:\/\/sfsafetyconsulting.com.br\/en\/wp-json\/wp\/v2\/posts\/1203\/revisions"}],"predecessor-version":[{"id":1215,"href":"https:\/\/sfsafetyconsulting.com.br\/en\/wp-json\/wp\/v2\/posts\/1203\/revisions\/1215"}],"wp:featuredmedia":[{"embeddable":true,"href":"https:\/\/sfsafetyconsulting.com.br\/en\/wp-json\/wp\/v2\/media\/1204"}],"wp:attachment":[{"href":"https:\/\/sfsafetyconsulting.com.br\/en\/wp-json\/wp\/v2\/media?parent=1203"}],"wp:term":[{"taxonomy":"category","embeddable":true,"href":"https:\/\/sfsafetyconsulting.com.br\/en\/wp-json\/wp\/v2\/categories?post=1203"},{"taxonomy":"post_tag","embeddable":true,"href":"https:\/\/sfsafetyconsulting.com.br\/en\/wp-json\/wp\/v2\/tags?post=1203"}],"curies":[{"name":"wp","href":"https:\/\/api.w.org\/{rel}","templated":true}]}}